[{"@context":"https:\/\/schema.org\/","@type":"Article","@id":"https:\/\/www.vzsl.sk\/ako-setrit-prirodu\/#Article","mainEntityOfPage":"https:\/\/www.vzsl.sk\/ako-setrit-prirodu\/","headline":"Ako \u0161etri\u0165 pr\u00edrodu?","name":"Ako \u0161etri\u0165 pr\u00edrodu?","description":"\u010clovek potrebuje pre svoj \u017eivot nevyhnutne kysl\u00edk, vodu. Bez kysl\u00edka by sme ned\u00fdchali, bez vody by sme zahynuli. V poslednej dobe silnej\u00fa aktivity pre z\u00e1chranu \u017eivotn\u00e9ho prostredia, pre z\u00e1chranu pr\u00edrody. Nie s\u00fa to u\u017e len ojedinel\u00e9 hlasy \u201ezelen\u00fdch \u201e alebo ob\u010dianskych zdru\u017een\u00ed. Prib\u00fadaj\u00fa na\u0161\u0165astie aj hlasy politikov, ktor\u00fdch sme si do z\u00e1konod\u00e1rnych zborov zvolili. Oni [&hellip;]","datePublished":"2018-12-04","dateModified":"2018-12-04","author":{"@type":"Person","@id":"https:\/\/www.vzsl.sk\/author\/#Person","name":"","url":"https:\/\/www.vzsl.sk\/author\/","identifier":1,"image":{"@type":"ImageObject","@id":"https:\/\/secure.gravatar.com\/avatar\/4eaadff62661a2c38386085c87f88f683e575f9fda122ff8560bf1208996f3c5?s=96&d=mm&r=g","url":"https:\/\/secure.gravatar.com\/avatar\/4eaadff62661a2c38386085c87f88f683e575f9fda122ff8560bf1208996f3c5?s=96&d=mm&r=g","height":96,"width":96}},"publisher":{"@type":"Organization","name":"vzsl.sk","logo":{"@type":"ImageObject","@id":"\/logo.png","url":"\/logo.png","width":600,"height":60}},"image":{"@type":"ImageObject","@id":"https:\/\/www.vzsl.sk\/wp-content\/uploads\/img_a295061_w16590_t1546018408.jpg","url":"https:\/\/www.vzsl.sk\/wp-content\/uploads\/img_a295061_w16590_t1546018408.jpg","height":0,"width":0},"url":"https:\/\/www.vzsl.sk\/ako-setrit-prirodu\/","wordCount":357,"articleBody":"\u010clovek potrebuje pre svoj \u017eivot nevyhnutne kysl\u00edk, vodu. Bez kysl\u00edka by sme ned\u00fdchali, bez vody by sme zahynuli. V poslednej dobe silnej\u00fa aktivity pre z\u00e1chranu \u017eivotn\u00e9ho prostredia, pre z\u00e1chranu pr\u00edrody. Nie s\u00fa to u\u017e len ojedinel\u00e9 hlasy \u201ezelen\u00fdch \u201e alebo ob\u010dianskych zdru\u017een\u00ed. Prib\u00fadaj\u00fa na\u0161\u0165astie aj hlasy politikov, ktor\u00fdch sme si do z\u00e1konod\u00e1rnych zborov zvolili. Oni s\u00fa predkladate\u013emi a tvorcami z\u00e1konov. Ktor\u00e9 bezprostredne vpl\u00fdvaj\u00fa na v\u00fdvoj krajiny a r\u00e1z \u017eivotn\u00e9ho prostredia. Medzi l\u00eddrov v tomto smere patria h\u00e1dam seversk\u00e9 krajiny. Spr\u00e1vaj\u00fa sa ekologicky k svojej krajine. Ekologicky vyr\u00e1baj\u00fa elektrick\u00fa energiu a teplo. \u0160v\u00e9di chc\u00fa by\u0165 prvou bezfos\u00edlnou krajinou na svete. Chc\u00fa ako prv\u00fd na svete v\u0161etku energiu vyr\u00e1ba\u0165 iba z obnovite\u013en\u00fdch zdrojov. Aj u n\u00e1s sa \u013eady pohli. Vl\u00e1da schv\u00e1lila koniec dot\u00e1cie \u0165a\u017eby hned\u00e9ho uhlia po roku 2023. Tento rok bude asi znamena\u0165 aj koniec v\u00fdroby elektrickej energie v Nov\u00e1koch. Na druhej strane ale u\u017e bud\u00faci rok maj\u00fa by\u0165 odovzdan\u00e9 dva bloky jadrovej elektr\u00e1rne v Mochovciach. Ekologickej\u0161ie ? V okamihu prev\u00e1dzkovania elektr\u00e1rne ur\u010dite \u00e1no. Do ovzdu\u0161ia nevyp\u00fa\u0161\u0165aj\u00fa \u017eiadne \u0161kodliv\u00e9 exhal\u00e1ty. Ke\u010f je bezporuchov\u00fd stav- vtedy je t\u00e1to v\u00fdroba zdanlivo priaznivej\u0161ia. \u010co v\u0161ak pri v\u00fdmene paliva? Kam ide \u010diasto\u010dne vyhoret\u00e9 palivo z jadrov\u00fdch elektr\u00e1rni ? O tom sa hovor\u00ed m\u00e1lo. Faktom ale je, \u017ee ho nevieme likvidova\u0165. Iba usklad\u0148ova\u0165. N\u00e1roky na mno\u017estvo vyrobenej energie st\u00fapaj\u00fa. Tv\u00e1rime sa ekologicky, ke\u010f chceme ma\u0165 aut\u00e1 bez exhal\u00e1tov. Podpora elektromobility je ve\u013ek\u00e1. Odkia\u013e ale vzia\u0165 elektrick\u00fa energiu ? Greenpeace bude protestova\u0165 aj proti mal\u00fdm vodn\u00fdm elektr\u00e1r\u0148am, aj proti vetern\u00fdm aj proti sol\u00e1rnym. Elektriku v\u0161ak v\u0161etci chceme.Mus\u00edme voli\u0165 men\u0161ie zlo. Nem\u00f4\u017eeme zastavi\u0165 jej v\u00fdrobu. V\u0161etko m\u00e1 dopad na pr\u00edrodu aj na n\u00e1s. Ak chceme pre\u017ei\u0165, mus\u00edme sa spr\u00e1va\u0165 ekologicky, ale nesmieme \u00eds\u0165 a\u017e do extr\u00e9mov.                                                                                                                                                                                                                                                                                                                                                                                                "},{"@context":"https:\/\/schema.org\/","@type":"BreadcrumbList","itemListElement":[{"@type":"ListItem","position":1,"name":"Ako \u0161etri\u0165 pr\u00edrodu?","item":"https:\/\/www.vzsl.sk\/ako-setrit-prirodu\/#breadcrumbitem"}]}]